[{"@context":"https:\/\/schema.org\/","@type":"Article","@id":"https:\/\/www.ecorec.cz\/pujcujeme-si-automobil\/#Article","mainEntityOfPage":"https:\/\/www.ecorec.cz\/pujcujeme-si-automobil\/","headline":"P\u016fj\u010dujeme si automobil","name":"P\u016fj\u010dujeme si automobil","description":"P\u016fj\u010den\u00ed automobilu p\u0159edch\u00e1z\u00ed v\u011bt\u0161inou \u0159\u00e1dn\u00e1 \u00favaha. Mus\u00edme si nejd\u0159\u00edve uv\u011bdomit, jestli se n\u00e1m p\u016fj\u010den\u00ed automobilu v\u016fbec vyplat\u00ed. Sv\u00e9zt si pozad\u00ed z Prahy do Ostravy v p\u011bkn\u00e9m aut\u011b je sice fajn, ale pokud jde jen o to, abychom se dostali do tohoto vzd\u00e1len\u00e9ho m\u00edsta na oto\u010dku, proto\u017ee tam m\u00e1me jen jedno jedn\u00e1n\u00ed, je ur\u010dit\u011b zbyte\u010dn\u011b drah\u00e9, [&hellip;]","datePublished":"2022-02-09","dateModified":"2023-04-30","author":{"@type":"Person","@id":"https:\/\/www.ecorec.cz\/author\/#Person","name":"","url":"https:\/\/www.ecorec.cz\/author\/","identifier":1,"image":{"@type":"ImageObject","@id":"https:\/\/secure.gravatar.com\/avatar\/4e7133236e4a9cc4991954776250524d?s=96&d=mm&r=g","url":"https:\/\/secure.gravatar.com\/avatar\/4e7133236e4a9cc4991954776250524d?s=96&d=mm&r=g","height":96,"width":96}},"publisher":{"@type":"Organization","name":"ecorec.cz","logo":{"@type":"ImageObject","@id":"\/logo.png","url":"\/logo.png","width":600,"height":60}},"image":{"@type":"ImageObject","@id":"https:\/\/www.ecorec.cz\/wp-content\/uploads\/volkswagen-6380341_960_720_2.png","url":"https:\/\/www.ecorec.cz\/wp-content\/uploads\/volkswagen-6380341_960_720_2.png","height":0,"width":0},"url":"https:\/\/www.ecorec.cz\/pujcujeme-si-automobil\/","about":["Podnik\u00e1n\u00ed"],"wordCount":412,"articleBody":"   P\u016fj\u010den\u00ed automobilu p\u0159edch\u00e1z\u00ed v\u011bt\u0161inou \u0159\u00e1dn\u00e1 \u00favaha. Mus\u00edme si nejd\u0159\u00edve uv\u011bdomit, jestli se n\u00e1m p\u016fj\u010den\u00ed automobilu v\u016fbec vyplat\u00ed. Sv\u00e9zt si pozad\u00ed z Prahy do Ostravy v p\u011bkn\u00e9m aut\u011b je sice fajn, ale pokud jde jen o to, abychom se dostali do tohoto vzd\u00e1len\u00e9ho m\u00edsta na oto\u010dku, proto\u017ee tam m\u00e1me jen jedno jedn\u00e1n\u00ed, je ur\u010dit\u011b zbyte\u010dn\u011b drah\u00e9, ne\u00fasporn\u00e9 a nepohodln\u00e9. Je ur\u010dit\u011b lep\u0161\u00ed vydat se na cestu vlakem. Je to z\u0159ejm\u011b rychlej\u0161\u00ed, ur\u010dit\u011b pohodln\u011bj\u0161\u00ed, cestou se m\u016f\u017eeme ob\u010derstvit v j\u00eddeln\u00edm voze a vyhneme se probl\u00e9m\u016fm na prapodivn\u00e9 d\u00e1lnici zvan\u00e9 tajemn\u011b D1.Kdy\u017e se ale sejde parta kamar\u00e1d\u016f a ti si spole\u010dn\u011b cht\u011bj\u00ed vyrazit na v\u00fdlet, smysl p\u016fj\u010den\u00e9ho auta dost\u00e1v\u00e1 jin\u00fd v\u00fdznam. Nez\u00e1vislost, pohodl\u00ed, maxim\u00e1ln\u00ed se p\u0159ibl\u00ed\u017een\u00ed se c\u00edli jsou benefity, kter\u00e9 na misce vah kde jsou proti sob\u011b Pro a Proti, hodn\u011b zat\u00ed\u017e\u00ed misku Pro. A pro\u010d by tak\u00e9 ne. Cena zap\u016fj\u010den\u00e9ho vozu nen\u00ed nijak vysok\u00e1. Kliknut\u00edm se p\u0159esm\u011brujete na nejlevn\u011bj\u0161\u00ed autop\u016fj\u010dovnu v Praze, kter\u00e1 m\u00e1 v nab\u00eddce vozy od mal\u00fdch, kr\u00e1tk\u00fdch Fabi\u00ed, p\u0159es \u0160kody Octavia kombi a\u017e po dev\u00edtim\u00edstn\u00fd Ford Tranzit bus. V\u0161echny vozy v nab\u00eddce jsou pe\u010dliv\u011b udr\u017eov\u00e1ny, jsou v nich pravideln\u011b m\u011bn\u011bny provozn\u00ed kapaliny, proch\u00e1zej\u00ed pravideln\u00fdm servisem. \u0160ance, \u017ee se u nich projev\u00ed porucha b\u011bhem doby, kdy budou zap\u016fj\u010deny, je minim\u00e1ln\u00ed. M\u016f\u017eete b\u00fdt tedy naprosto klidn\u00ed.Vozy jsou ekonomick\u00e9, d\u00e1 se s nimi jet, i d\u00edky pravideln\u00e9mu servisu, na \u00farovni nejni\u017e\u0161\u00ed spot\u0159eby PHM u t\u011bchto voz\u016f. Jedete tedy velice ekonomicky. Automobily jsou poji\u0161t\u011bny a to nejen v r\u00e1mci povinn\u00e9ho ru\u010den\u00ed, ale i pro p\u0159\u00edpad hav\u00e1rie. Toto poji\u0161t\u011bn\u00ed je nav\u00edc s velice n\u00edzkou spolu\u00fa\u010dast\u00ed. A pro n\u00e1\u0161 p\u0159\u00edpad parti\u010dky kamar\u00e1d\u016f jedouc\u00ed na v\u00fdlet. Tato p\u016fj\u010dovna ne\u0159e\u0161\u00ed, kdo v\u016fz \u0159\u00edd\u00ed. \u0158idi\u010di se tedy mohou st\u0159\u00eddat kdykoliv jeden z nich poc\u00edt\u00ed \u00fanavu. Posledn\u00ed t\u0159e\u0161ni\u010dkou na ortu je d\u00e1lni\u010dn\u00ed zn\u00e1mka pro v\u0161echny d\u00e1lnice v \u010cesk\u00e9 republice.                                                                                                                                                                                                                                                                                                                                                                                          2.6\/5 - (8 votes)        "},{"@context":"https:\/\/schema.org\/","@type":"BreadcrumbList","itemListElement":[{"@type":"ListItem","position":1,"name":"P\u016fj\u010dujeme si automobil","item":"https:\/\/www.ecorec.cz\/pujcujeme-si-automobil\/#breadcrumbitem"}]}]