[{"@context":"https:\/\/schema.org\/","@type":"Blog","@id":"https:\/\/www.ecorec.cz#Blog","headline":"Ecorec","description":"\nI kdy\u017e na\u0161e \u010dten\u00e1\u0159e na\u0161e internetov\u00e1 str\u00e1nka v\u016fbec nic nestoj\u00ed, maxim\u00e1ln\u011b se sna\u017e\u00edme, aby st\u00e1la. A sice nikoliv pen\u00edze, ale aby st\u00e1la za to.","url":"https:\/\/www.ecorec.cz","hasPart":[{"@type":"Article","@id":"https:\/\/www.ecorec.cz\/marketingove-strategie-mohou-byt-volene-na-zaklade-zivotniho-cyklu-produktu\/","headline":"Marketingov\u00e9 strategie mohou b\u00fdt volen\u00e9 na z\u00e1klad\u011b \u017eivotn\u00edho cyklu produktu","url":"https:\/\/www.ecorec.cz\/marketingove-strategie-mohou-byt-volene-na-zaklade-zivotniho-cyklu-produktu\/","datePublished":"2025-02-26","dateModified":"2023-04-30","mainEntityOfPage":"https:\/\/www.ecorec.cz\/marketingove-strategie-mohou-byt-volene-na-zaklade-zivotniho-cyklu-produktu\/","author":{"@type":"Person","@id":"https:\/\/www.ecorec.cz\/author\/#Person","name":"","url":"https:\/\/www.ecorec.cz\/author\/","identifier":1,"image":{"@type":"ImageObject","@id":"https:\/\/secure.gravatar.com\/avatar\/4e7133236e4a9cc4991954776250524d?s=96&d=mm&r=g","url":"https:\/\/secure.gravatar.com\/avatar\/4e7133236e4a9cc4991954776250524d?s=96&d=mm&r=g","height":96,"width":96}},"publisher":{"@type":"Organization","name":"ecorec.cz","logo":{"@type":"ImageObject","@id":"\/logo.png","url":"\/logo.png","width":600,"height":60}},"image":{"@type":"ImageObject","@id":"https:\/\/www.ecorec.cz\/wp-content\/uploads\/art305284_1x1_20260817_162234_sxBv80.jpg","url":"https:\/\/www.ecorec.cz\/wp-content\/uploads\/art305284_1x1_20260817_162234_sxBv80.jpg","height":0,"width":0},"wordCount":476,"keywords":null},{"@type":"Article","@id":"https:\/\/www.ecorec.cz\/facebook\/","headline":"Facebook","url":"https:\/\/www.ecorec.cz\/facebook\/","datePublished":"2025-02-26","dateModified":"2023-04-30","mainEntityOfPage":"https:\/\/www.ecorec.cz\/facebook\/","author":{"@type":"Person","@id":"https:\/\/www.ecorec.cz\/author\/#Person","name":"","url":"https:\/\/www.ecorec.cz\/author\/","identifier":1,"image":{"@type":"ImageObject","@id":"https:\/\/secure.gravatar.com\/avatar\/4e7133236e4a9cc4991954776250524d?s=96&d=mm&r=g","url":"https:\/\/secure.gravatar.com\/avatar\/4e7133236e4a9cc4991954776250524d?s=96&d=mm&r=g","height":96,"width":96}},"publisher":{"@type":"Organization","name":"ecorec.cz","logo":{"@type":"ImageObject","@id":"\/logo.png","url":"\/logo.png","width":600,"height":60}},"image":{"@type":"ImageObject","@id":"https:\/\/www.ecorec.cz\/wp-content\/uploads\/art301747_4x3_20260817_093641_NLeW1y.jpg","url":"https:\/\/www.ecorec.cz\/wp-content\/uploads\/art301747_4x3_20260817_093641_NLeW1y.jpg","height":0,"width":0},"wordCount":479,"keywords":null},{"@type":"Article","@id":"https:\/\/www.ecorec.cz\/negativni-vlivy-starnuti-populace-a-jeji-nebezpeci\/","headline":"Negativn\u00ed vlivy st\u00e1rnut\u00ed populace a jej\u00ed nebezpe\u010d\u00ed","url":"https:\/\/www.ecorec.cz\/negativni-vlivy-starnuti-populace-a-jeji-nebezpeci\/","datePublished":"2025-02-25","dateModified":"2025-02-25","mainEntityOfPage":"https:\/\/www.ecorec.cz\/negativni-vlivy-starnuti-populace-a-jeji-nebezpeci\/","author":{"@type":"Person","@id":"https:\/\/www.ecorec.cz\/author\/#Person","name":"","url":"https:\/\/www.ecorec.cz\/author\/","identifier":1,"image":{"@type":"ImageObject","@id":"https:\/\/secure.gravatar.com\/avatar\/4e7133236e4a9cc4991954776250524d?s=96&d=mm&r=g","url":"https:\/\/secure.gravatar.com\/avatar\/4e7133236e4a9cc4991954776250524d?s=96&d=mm&r=g","height":96,"width":96}},"publisher":{"@type":"Organization","name":"ecorec.cz","logo":{"@type":"ImageObject","@id":"\/logo.png","url":"\/logo.png","width":600,"height":60}},"image":{"@type":"ImageObject","@id":"https:\/\/www.ecorec.cz\/wp-content\/uploads\/img_a321620_w2092_t1532861898.jpg","url":"https:\/\/www.ecorec.cz\/wp-content\/uploads\/img_a321620_w2092_t1532861898.jpg","height":0,"width":0},"wordCount":531,"keywords":null},{"@type":"Article","@id":"https:\/\/www.ecorec.cz\/ubytovani-v-chorvatsku-se-cechum-stale-vyplati\/","headline":"Ubytov\u00e1n\u00ed v\u00a0Chorvatsku se \u010cech\u016fm st\u00e1le vyplat\u00ed","url":"https:\/\/www.ecorec.cz\/ubytovani-v-chorvatsku-se-cechum-stale-vyplati\/","datePublished":"2025-02-20","dateModified":"2025-02-20","mainEntityOfPage":"https:\/\/www.ecorec.cz\/ubytovani-v-chorvatsku-se-cechum-stale-vyplati\/","author":{"@type":"Person","@id":"https:\/\/www.ecorec.cz\/author\/#Person","name":"","url":"https:\/\/www.ecorec.cz\/author\/","identifier":1,"image":{"@type":"ImageObject","@id":"https:\/\/secure.gravatar.com\/avatar\/4e7133236e4a9cc4991954776250524d?s=96&d=mm&r=g","url":"https:\/\/secure.gravatar.com\/avatar\/4e7133236e4a9cc4991954776250524d?s=96&d=mm&r=g","height":96,"width":96}},"publisher":{"@type":"Organization","name":"ecorec.cz","logo":{"@type":"ImageObject","@id":"\/logo.png","url":"\/logo.png","width":600,"height":60}},"image":null,"wordCount":168,"keywords":null},{"@type":"Article","@id":"https:\/\/www.ecorec.cz\/caj-ten-nejlepsi-darek-jaky-muzete-dat\/","headline":"\u010caj &#8211; ten nejlep\u0161\u00ed d\u00e1rek, jak\u00fd m\u016f\u017eete d\u00e1t","url":"https:\/\/www.ecorec.cz\/caj-ten-nejlepsi-darek-jaky-muzete-dat\/","datePublished":"2025-02-14","dateModified":"2025-02-14","mainEntityOfPage":"https:\/\/www.ecorec.cz\/caj-ten-nejlepsi-darek-jaky-muzete-dat\/","author":{"@type":"Person","@id":"https:\/\/www.ecorec.cz\/author\/#Person","name":"","url":"https:\/\/www.ecorec.cz\/author\/","identifier":1,"image":{"@type":"ImageObject","@id":"https:\/\/secure.gravatar.com\/avatar\/4e7133236e4a9cc4991954776250524d?s=96&d=mm&r=g","url":"https:\/\/secure.gravatar.com\/avatar\/4e7133236e4a9cc4991954776250524d?s=96&d=mm&r=g","height":96,"width":96}},"publisher":{"@type":"Organization","name":"ecorec.cz","logo":{"@type":"ImageObject","@id":"\/logo.png","url":"\/logo.png","width":600,"height":60}},"image":{"@type":"ImageObject","@id":"https:\/\/www.ecorec.cz\/wp-content\/uploads\/joanna-kosinska-B43a-FPxYqU-unsplash_1.jpg","url":"https:\/\/www.ecorec.cz\/wp-content\/uploads\/joanna-kosinska-B43a-FPxYqU-unsplash_1.jpg","height":0,"width":0},"wordCount":655,"keywords":null},{"@type":"Article","@id":"https:\/\/www.ecorec.cz\/tabule-nabizime-take-na-miru\/","headline":"Tabule nab\u00edz\u00edme tak\u00e9 na m\u00edru","url":"https:\/\/www.ecorec.cz\/tabule-nabizime-take-na-miru\/","datePublished":"2025-02-13","dateModified":"2025-02-13","mainEntityOfPage":"https:\/\/www.ecorec.cz\/tabule-nabizime-take-na-miru\/","author":{"@type":"Person","@id":"https:\/\/www.ecorec.cz\/author\/#Person","name":"","url":"https:\/\/www.ecorec.cz\/author\/","identifier":1,"image":{"@type":"ImageObject","@id":"https:\/\/secure.gravatar.com\/avatar\/4e7133236e4a9cc4991954776250524d?s=96&d=mm&r=g","url":"https:\/\/secure.gravatar.com\/avatar\/4e7133236e4a9cc4991954776250524d?s=96&d=mm&r=g","height":96,"width":96}},"publisher":{"@type":"Organization","name":"ecorec.cz","logo":{"@type":"ImageObject","@id":"\/logo.png","url":"\/logo.png","width":600,"height":60}},"image":null,"wordCount":212,"keywords":null},{"@type":"Article","@id":"https:\/\/www.ecorec.cz\/chytra-pomoc-pro-vase-podnikani\/","headline":"Chytr\u00e1 pomoc pro va\u0161e podnik\u00e1n\u00ed","url":"https:\/\/www.ecorec.cz\/chytra-pomoc-pro-vase-podnikani\/","datePublished":"2025-02-11","dateModified":"2025-02-11","mainEntityOfPage":"https:\/\/www.ecorec.cz\/chytra-pomoc-pro-vase-podnikani\/","author":{"@type":"Person","@id":"https:\/\/www.ecorec.cz\/author\/#Person","name":"","url":"https:\/\/www.ecorec.cz\/author\/","identifier":1,"image":{"@type":"ImageObject","@id":"https:\/\/secure.gravatar.com\/avatar\/4e7133236e4a9cc4991954776250524d?s=96&d=mm&r=g","url":"https:\/\/secure.gravatar.com\/avatar\/4e7133236e4a9cc4991954776250524d?s=96&d=mm&r=g","height":96,"width":96}},"publisher":{"@type":"Organization","name":"ecorec.cz","logo":{"@type":"ImageObject","@id":"\/logo.png","url":"\/logo.png","width":600,"height":60}},"image":null,"wordCount":225,"keywords":null},{"@type":"Article","@id":"https:\/\/www.ecorec.cz\/hledate-neco-na-spani\/","headline":"Hled\u00e1te n\u011bco na span\u00ed","url":"https:\/\/www.ecorec.cz\/hledate-neco-na-spani\/","datePublished":"2025-02-03","dateModified":"2025-02-03","mainEntityOfPage":"https:\/\/www.ecorec.cz\/hledate-neco-na-spani\/","author":{"@type":"Person","@id":"https:\/\/www.ecorec.cz\/author\/#Person","name":"","url":"https:\/\/www.ecorec.cz\/author\/","identifier":1,"image":{"@type":"ImageObject","@id":"https:\/\/secure.gravatar.com\/avatar\/4e7133236e4a9cc4991954776250524d?s=96&d=mm&r=g","url":"https:\/\/secure.gravatar.com\/avatar\/4e7133236e4a9cc4991954776250524d?s=96&d=mm&r=g","height":96,"width":96}},"publisher":{"@type":"Organization","name":"ecorec.cz","logo":{"@type":"ImageObject","@id":"\/logo.png","url":"\/logo.png","width":600,"height":60}},"image":null,"wordCount":226,"keywords":null},{"@type":"Article","@id":"https:\/\/www.ecorec.cz\/inzerujte-zdarma\/","headline":"Inzerujte zdarma","url":"https:\/\/www.ecorec.cz\/inzerujte-zdarma\/","datePublished":"2025-01-26","dateModified":"2025-01-26","mainEntityOfPage":"https:\/\/www.ecorec.cz\/inzerujte-zdarma\/","author":{"@type":"Person","@id":"https:\/\/www.ecorec.cz\/author\/#Person","name":"","url":"https:\/\/www.ecorec.cz\/author\/","identifier":1,"image":{"@type":"ImageObject","@id":"https:\/\/secure.gravatar.com\/avatar\/4e7133236e4a9cc4991954776250524d?s=96&d=mm&r=g","url":"https:\/\/secure.gravatar.com\/avatar\/4e7133236e4a9cc4991954776250524d?s=96&d=mm&r=g","height":96,"width":96}},"publisher":{"@type":"Organization","name":"ecorec.cz","logo":{"@type":"ImageObject","@id":"\/logo.png","url":"\/logo.png","width":600,"height":60}},"image":null,"wordCount":231,"keywords":null},{"@type":"Article","@id":"https:\/\/www.ecorec.cz\/pokrok-a-prace\/","headline":"Pokrok a pr\u00e1ce","url":"https:\/\/www.ecorec.cz\/pokrok-a-prace\/","datePublished":"2025-01-21","dateModified":"2025-01-21","mainEntityOfPage":"https:\/\/www.ecorec.cz\/pokrok-a-prace\/","author":{"@type":"Person","@id":"https:\/\/www.ecorec.cz\/author\/#Person","name":"","url":"https:\/\/www.ecorec.cz\/author\/","identifier":1,"image":{"@type":"ImageObject","@id":"https:\/\/secure.gravatar.com\/avatar\/4e7133236e4a9cc4991954776250524d?s=96&d=mm&r=g","url":"https:\/\/secure.gravatar.com\/avatar\/4e7133236e4a9cc4991954776250524d?s=96&d=mm&r=g","height":96,"width":96}},"publisher":{"@type":"Organization","name":"ecorec.cz","logo":{"@type":"ImageObject","@id":"\/logo.png","url":"\/logo.png","width":600,"height":60}},"image":{"@type":"ImageObject","@id":"https:\/\/www.ecorec.cz\/wp-content\/uploads\/ai-generated-9055470_640.jpg","url":"https:\/\/www.ecorec.cz\/wp-content\/uploads\/ai-generated-9055470_640.jpg","height":0,"width":0},"wordCount":582,"keywords":null}]},{"@context":"https:\/\/schema.org","@type":"WebSite","@id":"https:\/\/www.ecorec.cz\/#website","name":"Ecorec","url":"https:\/\/www.ecorec.cz","potentialAction":{"@type":"SearchAction","target":"https:\/\/www.ecorec.cz\/?s={search_term_string}","query-input":"required name=search_term_string"}}]