[{"@context":"https:\/\/schema.org\/","@type":"Article","@id":"https:\/\/www.ecorec.cz\/na-molo\/#Article","mainEntityOfPage":"https:\/\/www.ecorec.cz\/na-molo\/","headline":"Na molo","name":"Na molo","description":"Fashion week, velmi zn\u00e1m\u00fd pojem p\u0159edev\u0161\u00edm pro spoustu influencer\u016f, m\u00f3dn\u00edch n\u00e1vrh\u00e1\u0159\u016f a obecn\u011b milovn\u00edk\u016f m\u00f3dy. Jak je zn\u00e1mo, jedn\u00e1 se o t\u00fddenn\u00ed show p\u0159edv\u00e1d\u011bn\u00ed nejnov\u011bj\u0161\u00edch kolekc\u00ed, kter\u00e9 sv\u00fdm designem vn\u00e1\u0161\u00ed nov\u00e9 podn\u011bty do sv\u011bta m\u00f3dy. Nejedn\u00e1 se v\u0161ak jenom o uk\u00e1zku pr\u00e1ce, ale tak\u00e9 o b\u00e1je\u010dnou atmosf\u00e9ru a prodej kousk\u016f \u010di cel\u00fdch kolekc\u00ed. Ka\u017edoro\u010dn\u011b se [&hellip;]","datePublished":"2022-05-03","dateModified":"2023-04-30","author":{"@type":"Person","@id":"https:\/\/www.ecorec.cz\/author\/#Person","name":"","url":"https:\/\/www.ecorec.cz\/author\/","identifier":1,"image":{"@type":"ImageObject","@id":"https:\/\/secure.gravatar.com\/avatar\/4e7133236e4a9cc4991954776250524d?s=96&d=mm&r=g","url":"https:\/\/secure.gravatar.com\/avatar\/4e7133236e4a9cc4991954776250524d?s=96&d=mm&r=g","height":96,"width":96}},"publisher":{"@type":"Organization","name":"ecorec.cz","logo":{"@type":"ImageObject","@id":"\/logo.png","url":"\/logo.png","width":600,"height":60}},"image":{"@type":"ImageObject","@id":"https:\/\/www.ecorec.cz\/wp-content\/uploads\/Mo%CC%81da.jpg","url":"https:\/\/www.ecorec.cz\/wp-content\/uploads\/Mo%CC%81da.jpg","height":0,"width":0},"url":"https:\/\/www.ecorec.cz\/na-molo\/","about":["M\u00f3da\r"],"wordCount":390,"articleBody":"Fashion week, velmi zn\u00e1m\u00fd pojem p\u0159edev\u0161\u00edm pro spoustu influencer\u016f, m\u00f3dn\u00edch n\u00e1vrh\u00e1\u0159\u016f a obecn\u011b milovn\u00edk\u016f m\u00f3dy. Jak je zn\u00e1mo, jedn\u00e1 se o t\u00fddenn\u00ed show p\u0159edv\u00e1d\u011bn\u00ed nejnov\u011bj\u0161\u00edch kolekc\u00ed, kter\u00e9 sv\u00fdm designem vn\u00e1\u0161\u00ed nov\u00e9 podn\u011bty do sv\u011bta m\u00f3dy. Nejedn\u00e1 se v\u0161ak jenom o uk\u00e1zku pr\u00e1ce, ale tak\u00e9 o b\u00e1je\u010dnou atmosf\u00e9ru a prodej kousk\u016f \u010di cel\u00fdch kolekc\u00ed.Ka\u017edoro\u010dn\u011b se kon\u00e1 nejzn\u00e1m\u011bj\u0161\u00ed New York Fashion Week, kter\u00fd v roce 2022 za\u010d\u00ednal dev\u00e1t\u00e9ho z\u00e1\u0159\u00ed. Neobe\u0161lo se to bez ofici\u00e1ln\u00ed zahajovac\u00ed party (Official Kick-Off Party). Na p\u00f3diu se potom p\u0159edvedli nap\u0159\u00edklad Ayo Collections, Indica Boutique, Krissy King \u010di Bonita-Zita. Nechyb\u011blo spoustu vzor\u016f a jasn\u00fdch barev, kter\u00fdmi cel\u00fd rok 2022 z\u00e1\u0159\u00ed.V \u010dele m\u00e9n\u011b zn\u00e1m\u00fdch m\u00f3dn\u00edch p\u0159ehl\u00eddek stoj\u00ed mimo jin\u00e9 tak\u00e9 About You Fashion Week, kter\u00fd se tento rok konal v Mil\u00e1n\u011b, a to od dvac\u00e1t\u00e9ho z\u00e1\u0159\u00ed na \u010dty\u0159i dny. Krom\u011b vlastn\u00edch kolekc\u00ed zna\u010dky About You bylo mo\u017en\u00e9 shl\u00e9dnout i nadstandardn\u00ed kousky zna\u010dek HUGO, Adidas by Stella McCartney \u010di Puma.Na \u010desk\u00e9 sc\u00e9n\u011b v tomto roce z\u0159ejm\u011b nejv\u00edce zaz\u00e1\u0159il event Mercedes-Benz Prague Fashion Week, kter\u00fd za\u010d\u00ednal t\u0159et\u00edho z\u00e1\u0159\u00ed. Kon\u00e1 se u\u017e od roku 2010, nicm\u00e9n\u011b m\u00edsto zahrani\u010dn\u00ed tvorby podporuje p\u0159edev\u0161\u00edm tu dom\u00e1c\u00ed \u010deskou \u010di slovenskou. Inspiruje se v\u0161ak m\u00edsty, kter\u00e1 jsou domovem m\u00f3dy, a to Mil\u00e1nem a Pa\u0159\u00ed\u017e\u00ed, proto cel\u00e1 akce p\u016fsob\u00ed velmi luxusn\u00edm dojmem. V tomto roce se p\u0159edvedli auto\u0159i jako nap\u0159\u00edklad Jakub Polanka, Vanda Janda \u010di Technick\u00e1 univerzita v Liberci. Neobvykl\u00fdm \u00fa\u010dastn\u00edkem je pr\u00e1v\u011b Fakulta textiln\u00ed Technick\u00e9 univerzity v Liberci. Jednalo se o semestr\u00e1ln\u00ed a bakal\u00e1\u0159sk\u00e9 pr\u00e1ce designu. Jej\u00ed studenti se v\u0161ak nev\u011bnovali pouze od\u011bvu, ale svou pozornost letos zam\u011b\u0159ili p\u0159edev\u0161\u00edm tak\u00e9 na \u0161perky. Ka\u017ed\u00fd detail m\u00e1 sv\u016fj smysl a celkov\u00fd dojem d\u011bl\u00e1 z osln\u00ed snad opravdu ka\u017ed\u00e9ho. Mezi modely nechyb\u011bli ani mu\u017ei, na kter\u00fdch se studenti neb\u00e1li pou\u017e\u00edt b\u00e1je\u010dn\u00e9 a v\u00fdrazn\u00e9 barvy.\u00a0                                                                                                                                                                                                                                                                                                                                                                                        3\/5 - (14 votes)        "},{"@context":"https:\/\/schema.org\/","@type":"BreadcrumbList","itemListElement":[{"@type":"ListItem","position":1,"name":"Na molo","item":"https:\/\/www.ecorec.cz\/na-molo\/#breadcrumbitem"}]}]