[{"@context":"https:\/\/schema.org\/","@type":"Article","@id":"https:\/\/www.ecorec.cz\/kvalitni-kadernice\/#Article","mainEntityOfPage":"https:\/\/www.ecorec.cz\/kvalitni-kadernice\/","headline":"Kvalitn\u00ed kade\u0159nice","name":"Kvalitn\u00ed kade\u0159nice","description":"V\u017edycky jsem snila opravdu o dlouh\u00fdch a rovn\u00fdch vlasech. Ale jak u\u017e to, tak b\u00fdv\u00e1, tak se mi tohle v\u016fbec nikdy nepoda\u0159ilo. Brala jsem toti\u017e l\u00e9ky na srdce a dozv\u011bd\u011bla jsem se, \u017ee pr\u00e1v\u011b tyto l\u00e9ky na srdce tak\u00e9 ovliv\u0148uj\u00ed r\u016fst a kvalitu vlas\u016f. Tak\u017ee jsem pomal\u00fd r\u016fst vlas\u016f p\u0159ikl\u00e1n\u011bla k tomu, \u017ee beru l\u00e9ky [&hellip;]","datePublished":"2025-04-11","dateModified":"2025-04-11","author":{"@type":"Person","@id":"https:\/\/www.ecorec.cz\/author\/#Person","name":"","url":"https:\/\/www.ecorec.cz\/author\/","identifier":1,"image":{"@type":"ImageObject","@id":"https:\/\/secure.gravatar.com\/avatar\/4e7133236e4a9cc4991954776250524d?s=96&d=mm&r=g","url":"https:\/\/secure.gravatar.com\/avatar\/4e7133236e4a9cc4991954776250524d?s=96&d=mm&r=g","height":96,"width":96}},"publisher":{"@type":"Organization","name":"ecorec.cz","logo":{"@type":"ImageObject","@id":"\/logo.png","url":"\/logo.png","width":600,"height":60}},"image":{"@type":"ImageObject","@id":"https:\/\/www.ecorec.cz\/wp-content\/uploads\/hairdresser-3173438_640_1.jpg","url":"https:\/\/www.ecorec.cz\/wp-content\/uploads\/hairdresser-3173438_640_1.jpg","height":0,"width":0},"url":"https:\/\/www.ecorec.cz\/kvalitni-kadernice\/","about":["Podnik\u00e1n\u00ed"],"wordCount":430,"articleBody":"       V\u017edycky jsem snila opravdu o dlouh\u00fdch a rovn\u00fdch vlasech. Ale jak u\u017e to, tak b\u00fdv\u00e1, tak se mi tohle v\u016fbec nikdy nepoda\u0159ilo. Brala jsem toti\u017e l\u00e9ky na srdce a dozv\u011bd\u011bla jsem se, \u017ee pr\u00e1v\u011b tyto l\u00e9ky na srdce tak\u00e9 ovliv\u0148uj\u00ed r\u016fst a kvalitu vlas\u016f. Tak\u017ee jsem pomal\u00fd r\u016fst vlas\u016f p\u0159ikl\u00e1n\u011bla k tomu, \u017ee beru l\u00e9ky na srdce. Ale \u0159ekla jsem si, \u017ee to jenom tak p\u0159eci nevzd\u00e1m. Na\u0161la jsem si opravdu skv\u011bl\u00e9 vitam\u00edny na vlasy a tak\u00e9 jsem si na\u0161la opravdu kvalitn\u00ed kade\u0159nictv\u00ed. A proto\u017ee bydl\u00edm v Brn\u011b, tak jsem hledala opravdu to nejv\u00edce kvalitn\u00ed kade\u0159nictv\u00ed v Brn\u011b. Sedla jsem si tak\u00e9 k po\u010d\u00edta\u010di a do vyhled\u00e1va\u010de jsem dala, abych na\u0161la opravdu to nejlep\u0161\u00ed kade\u0159nictv\u00ed v Brn\u011b. Brn\u011bnsk\u00e9 kade\u0159nictv\u00ed https:\/\/charlieshair.cz\/cz\/ jsem na\u0161la online. A byla jsem za to opravdu hodn\u011b r\u00e1da, proto\u017ee mi to trvalo docela dlouho. Kdy\u017e jsem potom sed\u011bla v kade\u0159nictv\u00ed, tak jsem byla opravdu nad\u0161en\u00e1, proto\u017ee jsem tak\u00e9 dostala tam k\u00e1vu. Nav\u00edc pan\u00ed kade\u0159nice byla velice p\u0159\u00edjemn\u00e1 a opravdu m\u011b vyslechla a byla trp\u011bliv\u00e1, vysv\u011btlila jsem ji, jak\u00e9 m\u00e1m probl\u00e9my s vlasy. Ona mi tak\u00e9 potom d\u00e1le doporu\u010dila opravdu kvalitn\u00ed p\u0159\u00edpravky na vlasy. Jako je nap\u0159\u00edklad kvalitn\u00ed \u0161ampon nebo kondicion\u00e9r a tak\u00e9 samoz\u0159ejm\u011b n\u011bjak\u00fd balz\u00e1m na vlasy nebo tak\u00e9 vlasov\u00e1 maska.A tak\u00e9 mi doporu\u010dila n\u011bjak\u00e9 vitam\u00edny, tak\u017ee jsem potom vitam\u00edny na vlasy vym\u011bnila za \u00fapln\u011b jin\u00e9, kter\u00e9 byly v\u00edce kvalitn\u00ed a kter\u00e9 mi pr\u00e1v\u011b doporu\u010dila moje kade\u0159nice z Brna. Mus\u00edm uznat, \u017ee jsem z toho byla opravdu hodn\u011b nad\u0161en\u00e1 a tak\u00e9 my vitam\u00edny na vlasy dost pomohly. A kdybych se v\u00e1s zeptala, jestli tak\u00e9 m\u00e1te probl\u00e9my s vlasy a chod\u00edte do kvalitn\u00edho kade\u0159nictv\u00ed, tak co byste mi odpov\u011bd\u011bli? Je opravdu hodn\u011b lid\u00ed, kte\u0159\u00ed by v\u016fbec nev\u011bd\u011bli, co odpov\u011bd\u011bt nebo by ani t\u0159eba tak\u00e9 v\u016fbec nev\u011bd\u011bli, \u017ee maj\u00ed n\u011bjak\u00e9 probl\u00e9my s vlasy. Od kade\u0159nice jsem se tak\u00e9 dozv\u011bd\u011bla, \u017ee je opravdu hodn\u011b lid\u00ed, kte\u0159\u00ed u\u017e\u00edvaj\u00ed opravdu \u0161patn\u00e9 \u0161ampony nebo jin\u00e9 vlasov\u00e9 p\u0159\u00edpravky, ne\u017e kter\u00e9 by m\u011bly, proto\u017ee maj\u00ed \u00fapln\u011b jin\u00e9 typy vlas\u016f.                                                                                                                                                                                                                                                                                                                                                                                          3.1\/5 - (9 votes)        "},{"@context":"https:\/\/schema.org\/","@type":"BreadcrumbList","itemListElement":[{"@type":"ListItem","position":1,"name":"Kvalitn\u00ed kade\u0159nice","item":"https:\/\/www.ecorec.cz\/kvalitni-kadernice\/#breadcrumbitem"}]}]