[{"@context":"https:\/\/schema.org\/","@type":"Article","@id":"https:\/\/www.ecorec.cz\/jednotne-tarifni-jizdne-na-zeleznicich\/#Article","mainEntityOfPage":"https:\/\/www.ecorec.cz\/jednotne-tarifni-jizdne-na-zeleznicich\/","headline":"Jednotn\u00e9 tarifn\u00ed j\u00edzdn\u00e9 na \u017eeleznic\u00edch","name":"Jednotn\u00e9 tarifn\u00ed j\u00edzdn\u00e9 na \u017eeleznic\u00edch","description":"V pr\u016fb\u011bhu kv\u011btna byla zve\u0159ejn\u011bna informace o tak zvan\u00e9m jednotn\u00e9m tarifu pro \u017eeleznice. Od prosince roku 2020 by tak cestuj\u00edc\u00ed mohli vyu\u017e\u00edt mo\u017enosti vyu\u017e\u00edt jednu j\u00edzdenku pro j\u00edzdy s r\u016fzn\u00fdmi dopravci. Aktu\u00e1ln\u011b si mus\u00edte ke ka\u017ed\u00e9mu jednomu dopravci po\u0159\u00eddit j\u00edzdenku p\u0159\u00edmo od n\u011bj, \u010d\u00edm\u017e se b\u011b\u017en\u00fdm cestuj\u00edc\u00edm komplikuje velmi situace, pov\u00e1\u017e\u00edme-li hlavn\u011b to, \u017ee vlaky [&hellip;]","datePublished":"2019-06-13","dateModified":"2023-04-30","author":{"@type":"Person","@id":"https:\/\/www.ecorec.cz\/author\/#Person","name":"","url":"https:\/\/www.ecorec.cz\/author\/","identifier":1,"image":{"@type":"ImageObject","@id":"https:\/\/secure.gravatar.com\/avatar\/4e7133236e4a9cc4991954776250524d?s=96&d=mm&r=g","url":"https:\/\/secure.gravatar.com\/avatar\/4e7133236e4a9cc4991954776250524d?s=96&d=mm&r=g","height":96,"width":96}},"publisher":{"@type":"Organization","name":"ecorec.cz","logo":{"@type":"ImageObject","@id":"\/logo.png","url":"\/logo.png","width":600,"height":60}},"image":{"@type":"ImageObject","@id":"https:\/\/www.ecorec.cz\/wp-content\/uploads\/img_a347016_w2898_t1561229688.jpg","url":"https:\/\/www.ecorec.cz\/wp-content\/uploads\/img_a347016_w2898_t1561229688.jpg","height":0,"width":0},"url":"https:\/\/www.ecorec.cz\/jednotne-tarifni-jizdne-na-zeleznicich\/","about":["Cestov\u00e1n\u00ed"],"wordCount":444,"articleBody":"V pr\u016fb\u011bhu kv\u011btna byla zve\u0159ejn\u011bna informace o tak zvan\u00e9m jednotn\u00e9m tarifu pro \u017eeleznice. Od prosince roku 2020 by tak cestuj\u00edc\u00ed mohli vyu\u017e\u00edt mo\u017enosti vyu\u017e\u00edt jednu j\u00edzdenku pro j\u00edzdy s r\u016fzn\u00fdmi dopravci. Aktu\u00e1ln\u011b si mus\u00edte ke ka\u017ed\u00e9mu jednomu dopravci po\u0159\u00eddit j\u00edzdenku p\u0159\u00edmo od n\u011bj, \u010d\u00edm\u017e se b\u011b\u017en\u00fdm cestuj\u00edc\u00edm komplikuje velmi situace, pov\u00e1\u017e\u00edme-li hlavn\u011b to, \u017ee vlaky maj\u00ed permanentn\u011b zpo\u017ed\u011bn\u00ed. Cena j\u00edzdenek podle nov\u00e9ho modelu by se pak m\u011bla vypo\u010d\u00edt\u00e1vat n\u00e1sledn\u011b podle ujet\u00fdch kilometr\u016f.I p\u0159es to, \u017ee je v pl\u00e1nu kilometrick\u00fd tarif, budou samoz\u0159ejm\u011b k dispozici tak\u00e9 s\u00ed\u0165ov\u00e9 \u010di tra\u0165ov\u00e9 j\u00edzdenky.\u2022\u00a0\u00a0\u00a0\u00a0\u00a0\u00a0\u00a0 S\u00ed\u0165ov\u00e1Takov\u00e1 j\u00edzdenka by m\u011bla umo\u017enit cestuj\u00edc\u00edmu jezdit po cel\u00e9 \u017eelezni\u010dn\u00ed s\u00edti pr\u00e1v\u011b bez ohledu na to, jak\u00e9ho dopravce vyu\u017eijete.\u2022\u00a0\u00a0\u00a0\u00a0\u00a0\u00a0\u00a0 Tra\u0165ov\u00e1Takov\u00fd l\u00edstek v\u00e1m pak umo\u017en\u00ed jezdit v\u00fdhradn\u011b po ur\u010dit\u00e9 \u010dasov\u00e9 obdob\u00ed, tedy i s mo\u017enost\u00ed zp\u00e1te\u010dn\u00edho j\u00edzdn\u00e9ho.Ministerstvo dopravy prozat\u00edm v\u016fbec nezve\u0159ejnilo cenu jednotliv\u00fdch j\u00edzdn\u00edch tarif\u016f.Sou\u010dasn\u00fd stavJak bylo zm\u00edn\u011bno, aktu\u00e1ln\u011b si cestuj\u00edc\u00ed mus\u00ed kupovat pro jednotliv\u00e9 slu\u017eby dopravc\u016f jednotliv\u00e9 j\u00edzdenky. S uveden\u00fdm jednotn\u00fdm tarifem by tato nutnost odpadla a cestuj\u00edc\u00ed by si pak mohl koupit jednu j\u00edzdenku a vyu\u017e\u00edt slu\u017eby kter\u00e9koli firmy. Samoz\u0159ejm\u011b se po\u010d\u00edt\u00e1 s t\u00edm, \u017ee jednotliv\u00e9 spole\u010dnosti budou moci i nad\u00e1le prod\u00e1vat svoje j\u00edzdenky pro svoje slu\u017eby.Bude tak\u00e9 samoz\u0159ejm\u011b z\u00e1le\u017eet na tom, zda se dopravci rozhodnout uzn\u00e1vat tyto j\u00edzdenky i ve vlac\u00edch, pro kter\u00e9 nep\u0159ich\u00e1z\u00ed objedn\u00e1vka ze st\u00e1tu. Z dostupn\u00fdch informac\u00ed v\u0161ak vypl\u00fdv\u00e1, \u017ee i RegioJet a Leo Expres by pro tuto variantu byly.Mo\u017en\u00e1 se pt\u00e1te, jak by to bylo s jednotliv\u00fdmi m\u00edsty. Samoz\u0159ejm\u011b i s t\u00edm se po\u010d\u00edt\u00e1 a m\u011bla by b\u00fdt mo\u017enost si m\u00edstenku zakoupit, to plat\u00ed i pro slu\u017eby jako je leh\u00e1tko \u010di l\u016f\u017eku nebo m\u00edsto pro kolo.Z informac\u00ed tak\u00e9 vypl\u00fdv\u00e1, \u017ee bude mo\u017en\u00e9 tento druh dokladu po\u0159izovat elektronicky, p\u0159i\u010dem\u017e dokoupen\u00ed dal\u0161\u00edch dopl\u0148kov\u00fdch slu\u017eeb by tedy bylo snadn\u011bj\u0161\u00ed. P\u0159edpokladem tak\u00e9 je, \u017ee z\u00e1kazn\u00edci budou m\u00edt karty, obdobu ji\u017e existuj\u00edc\u00ed a funk\u010dn\u00ed In Karty.                                                                                                                                                                                                                                                                                                                                                                                        2.9\/5 - (12 votes)        "},{"@context":"https:\/\/schema.org\/","@type":"BreadcrumbList","itemListElement":[{"@type":"ListItem","position":1,"name":"Jednotn\u00e9 tarifn\u00ed j\u00edzdn\u00e9 na \u017eeleznic\u00edch","item":"https:\/\/www.ecorec.cz\/jednotne-tarifni-jizdne-na-zeleznicich\/#breadcrumbitem"}]}]