[{"@context":"https:\/\/schema.org\/","@type":"Article","@id":"https:\/\/www.ecorec.cz\/garnyze-z-naseho-e-shopu-i-kamenneho-obchodu\/#Article","mainEntityOfPage":"https:\/\/www.ecorec.cz\/garnyze-z-naseho-e-shopu-i-kamenneho-obchodu\/","headline":"Garn\u00fd\u017ee z na\u0161eho e-shopu i kamenn\u00e9ho obchodu","name":"Garn\u00fd\u017ee z na\u0161eho e-shopu i kamenn\u00e9ho obchodu","description":"V dne\u0161n\u00ed dob\u011b si chce ka\u017ed\u00fd sv\u016fj d\u016fm zkr\u00e1\u0161lovat, aby mohl p\u0159ed p\u0159\u00e1teli zaz\u00e1\u0159it v\u017edy s n\u011b\u010d\u00edm nov\u00fdm. Ka\u017ed\u00fd ale \u0161ah\u00e1 po levn\u00fdch v\u011bcech, kter\u00e9 nemus\u00ed b\u00fdt tak kvalitn\u00ed, jak se na prvn\u00ed pohled zd\u00e1. Av\u0161ak kdy\u017e vyb\u00edr\u00e1te garn\u00fd\u017ee, je to o n\u011b\u010dem jin\u00e9m, a to zvl\u00e1\u0161t\u011b u n\u00e1s. Skv\u011blou mo\u017enost\u00ed, jak si zkr\u00e1\u0161lit sv\u016fj [&hellip;]","datePublished":"2025-04-24","dateModified":"2025-04-24","author":{"@type":"Person","@id":"https:\/\/www.ecorec.cz\/author\/#Person","name":"","url":"https:\/\/www.ecorec.cz\/author\/","identifier":1,"image":{"@type":"ImageObject","@id":"https:\/\/secure.gravatar.com\/avatar\/4e7133236e4a9cc4991954776250524d?s=96&d=mm&r=g","url":"https:\/\/secure.gravatar.com\/avatar\/4e7133236e4a9cc4991954776250524d?s=96&d=mm&r=g","height":96,"width":96}},"publisher":{"@type":"Organization","name":"ecorec.cz","logo":{"@type":"ImageObject","@id":"\/logo.png","url":"\/logo.png","width":600,"height":60}},"url":"https:\/\/www.ecorec.cz\/garnyze-z-naseho-e-shopu-i-kamenneho-obchodu\/","wordCount":206,"articleBody":"V dne\u0161n\u00ed dob\u011b si chce ka\u017ed\u00fd sv\u016fj d\u016fm zkr\u00e1\u0161lovat, aby mohl p\u0159ed p\u0159\u00e1teli zaz\u00e1\u0159it v\u017edy s n\u011b\u010d\u00edm nov\u00fdm. Ka\u017ed\u00fd ale \u0161ah\u00e1 po levn\u00fdch v\u011bcech, kter\u00e9 nemus\u00ed b\u00fdt tak kvalitn\u00ed, jak se na prvn\u00ed pohled zd\u00e1. Av\u0161ak kdy\u017e vyb\u00edr\u00e1te garn\u00fd\u017ee, je to o n\u011b\u010dem jin\u00e9m, a to zvl\u00e1\u0161t\u011b u n\u00e1s. Skv\u011blou mo\u017enost\u00ed, jak si zkr\u00e1\u0161lit sv\u016fj d\u016fm a to velk\u00fdm stylem, je si koupit garn\u00fd\u017ee, kter\u00e9 budou tvo\u0159it kr\u00e1sn\u00fd komplet s va\u0161imi z\u00e1clonami a z\u00e1v\u011bsy. Nemus\u00edte se b\u00e1t, \u017ee by na\u0161e produkty nebyly kvalitn\u00ed, proto\u017ee se star\u00e1me, aby na\u0161e nab\u00eddka st\u00e1la za to. N\u00edzk\u00e9 ceny pro ka\u017ed\u00e9ho A abyste m\u011bli n\u00e1kup je\u0161t\u011b pohodln\u011bj\u0161\u00ed, m\u016f\u017eete si b\u00fdt jisti, \u017ee u n\u00e1s najdete ceny takov\u00e9, kter\u00e9 budou lahodit va\u0161emu oku. Pr\u00e1v\u011b proto je u n\u00e1s n\u00e1kup tak pohodln\u00fd a dostupn\u00fd v\u0161em, proto si m\u016f\u017ee ka\u017ed\u00fd garn\u00fd\u017ee na takov\u00e9 \u00farovni, za kterou by se nemusel styd\u011bt nikdo.                                                                                                                                                                                                                                                                                                                                                                                                "},{"@context":"https:\/\/schema.org\/","@type":"BreadcrumbList","itemListElement":[{"@type":"ListItem","position":1,"name":"Garn\u00fd\u017ee z na\u0161eho e-shopu i kamenn\u00e9ho obchodu","item":"https:\/\/www.ecorec.cz\/garnyze-z-naseho-e-shopu-i-kamenneho-obchodu\/#breadcrumbitem"}]}]