[{"@context":"https:\/\/schema.org\/","@type":"Article","@id":"https:\/\/www.ecorec.cz\/dluhy-v-ceskych-rodinach\/#Article","mainEntityOfPage":"https:\/\/www.ecorec.cz\/dluhy-v-ceskych-rodinach\/","headline":"Dluhy v \u010desk\u00fdch rodin\u00e1ch","name":"Dluhy v \u010desk\u00fdch rodin\u00e1ch","description":"Podle rozboru bankovn\u00edch a nebankovn\u00edch sektor\u016f se platebn\u00ed mor\u00e1lka lid\u00ed v\u00a0\u010cesk\u00e9 republice zlep\u0161uje, navzdory tomu, \u017ee si mnohem v\u00edce p\u016fj\u010duj\u00ed. Ji\u0159\u00ed Rajchl, v\u00fdkonn\u00fd \u0159editel nebankovn\u00edho registru, informoval, \u017ee dluhy neplati\u010d\u016f klesly o 4,1 miliardy korun na pouh\u00fdch 32,4 miliard korun. K\u00a0n\u00e1r\u016fstu p\u016fj\u010dek u \u017eadatel\u016f nar\u016fst\u00e1 v\u00a0d\u016fsledku r\u016fstu cen nemovitost\u00ed. Nejv\u00edce si toti\u017e \u010cesi p\u016fj\u010duj\u00ed na [&hellip;]","datePublished":"2019-06-12","dateModified":"2023-04-30","author":{"@type":"Person","@id":"https:\/\/www.ecorec.cz\/author\/#Person","name":"","url":"https:\/\/www.ecorec.cz\/author\/","identifier":1,"image":{"@type":"ImageObject","@id":"https:\/\/secure.gravatar.com\/avatar\/4e7133236e4a9cc4991954776250524d?s=96&d=mm&r=g","url":"https:\/\/secure.gravatar.com\/avatar\/4e7133236e4a9cc4991954776250524d?s=96&d=mm&r=g","height":96,"width":96}},"publisher":{"@type":"Organization","name":"ecorec.cz","logo":{"@type":"ImageObject","@id":"\/logo.png","url":"\/logo.png","width":600,"height":60}},"image":{"@type":"ImageObject","@id":"https:\/\/www.ecorec.cz\/wp-content\/uploads\/img_a348747_w2898_t1563635578.jpg","url":"https:\/\/www.ecorec.cz\/wp-content\/uploads\/img_a348747_w2898_t1563635578.jpg","height":0,"width":0},"url":"https:\/\/www.ecorec.cz\/dluhy-v-ceskych-rodinach\/","about":["Pen\u00edze"],"wordCount":445,"articleBody":"\tPodle rozboru bankovn\u00edch a nebankovn\u00edch sektor\u016f se platebn\u00ed mor\u00e1lka lid\u00ed v\u00a0\u010cesk\u00e9 republice zlep\u0161uje, navzdory tomu, \u017ee si mnohem v\u00edce p\u016fj\u010duj\u00ed. Ji\u0159\u00ed Rajchl, v\u00fdkonn\u00fd \u0159editel nebankovn\u00edho registru, informoval, \u017ee dluhy neplati\u010d\u016f klesly o 4,1 miliardy korun na pouh\u00fdch 32,4 miliard korun.\t\tK\u00a0n\u00e1r\u016fstu p\u016fj\u010dek u \u017eadatel\u016f nar\u016fst\u00e1 v\u00a0d\u016fsledku r\u016fstu cen nemovitost\u00ed. Nejv\u00edce si toti\u017e \u010cesi p\u016fj\u010duj\u00ed na vlastn\u00ed nemovitost. Lid\u00e9, kte\u0159\u00ed dos\u00e1hnou na \u00fav\u011bry na bydlen\u00ed, maj\u00ed tak\u00e9 mnohem lep\u0161\u00ed platebn\u00ed mor\u00e1lku. T\u011bch, kte\u0159\u00ed m\u011bli anebo maj\u00ed probl\u00e9m se spl\u00e1cen\u00edm takov\u00fdchto \u00fav\u011bru je o 3864 m\u00e9n\u011b, jejich po\u010det je tedy nyn\u00ed \u201cjen\u201c n\u011bco okolo 20 tis\u00edc.\tLid\u00e9 plat\u00ed sv\u00e9 z\u00e1vazky jen d\u00edky tomu, \u017ee klesla m\u00edra nezam\u011bstnanosti a narostly platy. T\u00edm p\u00e1dem maj\u00ed na spl\u00e1tky a jsou si jist\u011bj\u0161\u00ed v\u00a0tom, \u017ee sv\u00e9 dluhy poplat\u00ed.\tZa prvn\u00ed \u010dtvrtlet\u00ed po\u010det hypot\u00e9k nebo \u00fav\u011br\u016f ze stavebn\u00edho spo\u0159en\u00ed klesl ve v\u011bt\u0161in\u011b kraj\u016f \u010cesk\u00e9 republiky. Ve St\u0159edo\u010desk\u00e9m a Plze\u0148sk\u00e9m kraji a v\u00a0Praze naopak jejich po\u010det vzrostl. V\u00a0Praze vzrostl i po\u010det lid\u00ed, kte\u0159\u00ed si vzali spot\u0159ebitelskou p\u016fj\u010dku.\t\tOdli\u0161n\u00e1 situace je u kr\u00e1tkodob\u00fdch p\u016fj\u010dek. Tady se situace zv\u00fd\u0161ila ve v\u011bt\u0161in\u011b kraj\u016f \u010cesk\u00e9 republiky. Nejv\u00edce kr\u00e1tkodob\u00e9 p\u016fj\u010dky vyu\u017e\u00edvaj\u00ed v\u00a0Praze 3,4 procent, jde o n\u00e1r\u016fst skoro o 8700 lid\u00ed, v\u00a0Jiho\u010desk\u00e9m kraji je to zase o 2 procenta (tedy o 3000 lid\u00ed v\u00edce, ne\u017e za stejn\u00e9 obdob\u00ed v\u00a0lo\u0148sk\u00e9m roce).\t\u00a0\tNejv\u00fdrazn\u011bj\u0161\u00ed pokles kr\u00e1tkodob\u00fdch p\u016fj\u010dek byl zaznamen\u00e1n v\u00a0\u00dasteck\u00e9m a Karlovarsk\u00e9m kraji. V\u00a0obou t\u011bchto kraj\u00edch je zadlu\u017eena skoro \u010dtvrtina obyvatelstva, p\u0159itom v\u00a0\u00dasteck\u00e9m klesl po\u010det p\u016fj\u010dek o 2,4 procent a v\u00a0Karlovarsk\u00e9m o 2,3 procent. Celkov\u00fd po\u010det kr\u00e1tkodob\u00fdch p\u016fj\u010dek na na\u0161em \u00fazem\u00ed \u010dinil ke konci prvn\u00edho \u010dtvrtlet\u00ed \u201cpouze\u201c 23 procent obyvatel. Na Vyso\u010din\u011b bylo zaznamen\u00e1no takov\u00fdchto p\u016fj\u010dek jen zhruba 18 procent.\t\u00a0\tV\u00a0t\u011bchto dvou kraj\u00edch kles\u00e1 po\u010det lid\u00ed, kte\u0159\u00ed maj\u00ed probl\u00e9my se spl\u00e1cen\u00edm dluh\u016f, a\u0165 ji\u017e hypot\u00e9k nebo spot\u0159ebitelsk\u00fdch p\u016fj\u010dek.\t\u00a0\tNejd\u016fle\u017eit\u011bj\u0161\u00ed je si p\u016fj\u010dku po\u0159\u00e1dn\u011b rozmyslet. Nem\u00e1 cenu si br\u00e1t \u00fav\u011br kv\u016fli d\u00e1rk\u016fm nebo dovolen\u00e9. Sp\u00ed\u0161e je vhodn\u011bj\u0161\u00ed ho vyu\u017e\u00edt na pot\u0159ebn\u00e9 v\u011bci.\u00a0                                                                                                                                                                                                                                                                                                                                                                                        3.1\/5 - (10 votes)        "},{"@context":"https:\/\/schema.org\/","@type":"BreadcrumbList","itemListElement":[{"@type":"ListItem","position":1,"name":"Dluhy v \u010desk\u00fdch rodin\u00e1ch","item":"https:\/\/www.ecorec.cz\/dluhy-v-ceskych-rodinach\/#breadcrumbitem"}]}]